{"id":11284,"date":"2025-10-07T14:57:18","date_gmt":"2025-10-07T12:57:18","guid":{"rendered":"https:\/\/www.dentalcadmos.com\/?p=11284"},"modified":"2025-10-07T15:14:28","modified_gmt":"2025-10-07T13:14:28","slug":"autismo-e-salute-orale-la-sfida-della-fondazione-sidp-intervista-a-claudio-gatti","status":"publish","type":"post","link":"https:\/\/www.dentalcadmos.com\/en\/autismo-e-salute-orale-la-sfida-della-fondazione-sidp-intervista-a-claudio-gatti\/","title":{"rendered":"Autismo e salute orale: la sfida della Fondazione SIdP. Intervista a.. Claudio Gatti"},"content":{"rendered":"<p style=\"text-align: justify;\">Prendersi cura del sorriso di tutti, anche di chi vive una condizione di fragilit\u00e0, \u00e8 una sfida che richiede competenze, empatia e dedizione. Nel mondo dell\u2019odontoiatria, le persone con disturbi dello spettro autistico rappresentano un universo complesso, spesso trascurato, in cui la prevenzione e la cura dell\u2019igiene orale diventano un percorso di squadra tra famiglie, operatori sanitari e istituzioni. Ne abbiamo parlato con Claudio Gatti, odontoiatra e vicepresidente della Fondazione di Parodontologia e Implantologia SIdP Onlus, impegnata a garantire percorsi di prevenzione mirati alle persone con autismo. Per comprendere meglio le difficolt\u00e0, l\u2019importanza di un approccio personalizzato e la speranza di costruire un futuro pi\u00f9 inclusivo anche in poltrona.<\/p>\n<p style=\"text-align: justify;\"><strong>Dottor Gatti, quando \u00e8 stata costituita la Fondazione?<\/strong><br \/>\nDobbiamo risalire al 2016. Allora ero presidente della SIdP. Ad agosto il Centro Italia venne colpito da un drammatico terremoto. Come Societ\u00e0 scientifica organizzammo subito una spedizione umanitaria con odontoambulanze per permettere visite e screening odontoiatrici di urgenza. Gli sfollati erano oltre 40 mila. Ci venne mossa per\u00f2 un\u2019obiezione: perch\u00e9 la Societ\u00e0 scientifica pi\u00f9 autorevole italiana operava nel sociale. L\u00ec nacque l\u2019idea, e la volont\u00e0, di istituire una fondazione che diventasse braccio operativo della SIdP nel tessuto sociale nazionale. Era il 2018. Quelli che sono seguiti sono stati anni impegnativi, importanti. Soprattutto anni di studio. Ora stiamo sfociando nella fase operativa pi\u00f9 consistente, iniziata l\u2019anno scorso con la progettazione e realizzazione di materiale educativo per favorire l\u2019adozione di corretti stili di vita e corrette metodiche di igiene orale da parte delle persone autistiche.<\/p>\n<p><i>Per continuare la lettura gli abbonati possono scaricare l\u2019allegato<\/i><\/p>\n","protected":false},"excerpt":{"rendered":"<p>Prendersi cura del sorriso di tutti, anche di chi vive una condizione di fragilit\u00e0, \u00e8 una sfida che richiede competenze, empatia e dedizione. Nel mondo dell\u2019odontoiatria, le persone con disturbi dello spettro autistico rappresentano un universo complesso, spesso trascurato, in cui la prevenzione e la cura dell\u2019igiene orale diventano un percorso di squadra tra famiglie, &hellip; <a href=\"https:\/\/www.dentalcadmos.com\/en\/autismo-e-salute-orale-la-sfida-della-fondazione-sidp-intervista-a-claudio-gatti\/\">Continued<\/a><\/p>\n","protected":false},"author":2,"featured_media":0,"comment_status":"open","ping_status":"open","sticky":false,"template":"","format":"standard","meta":[],"categories":[1],"tags":[],"yoast_head":"<!-- This site is optimized with the Yoast SEO plugin v17.4 - https:\/\/yoast.com\/wordpress\/plugins\/seo\/ -->\n<title>Autismo e salute orale: la sfida della Fondazione SIdP. Intervista a.. Claudio Gatti - Dental Cadmos<\/title>\n<meta name=\"robots\" content=\"index, follow, max-snippet:-1, max-image-preview:large, max-video-preview:-1\" \/>\n<link rel=\"canonical\" href=\"https:\/\/www.dentalcadmos.com\/en\/autismo-e-salute-orale-la-sfida-della-fondazione-sidp-intervista-a-claudio-gatti\/\" \/>\n<meta property=\"og:locale\" content=\"en_US\" \/>\n<meta property=\"og:type\" content=\"article\" \/>\n<meta property=\"og:title\" content=\"Autismo e salute orale: la sfida della Fondazione SIdP. Intervista a.. Claudio Gatti - Dental Cadmos\" \/>\n<meta property=\"og:description\" content=\"Prendersi cura del sorriso di tutti, anche di chi vive una condizione di fragilit\u00e0, \u00e8 una sfida che richiede competenze, empatia e dedizione. Nel mondo dell\u2019odontoiatria, le persone con disturbi dello spettro autistico rappresentano un universo complesso, spesso trascurato, in cui la prevenzione e la cura dell\u2019igiene orale diventano un percorso di squadra tra famiglie, &hellip; Continued\" \/>\n<meta property=\"og:url\" content=\"https:\/\/www.dentalcadmos.com\/autismo-e-salute-orale-la-sfida-della-fondazione-sidp-intervista-a-claudio-gatti\/\" \/>\n<meta property=\"og:site_name\" content=\"Dental Cadmos\" \/>\n<meta property=\"article:published_time\" content=\"2025-10-07T12:57:18+00:00\" \/>\n<meta property=\"article:modified_time\" content=\"2025-10-07T13:14:28+00:00\" \/>\n<meta name=\"twitter:card\" content=\"summary_large_image\" \/>\n<meta name=\"twitter:label1\" content=\"Written by\" \/>\n\t<meta name=\"twitter:data1\" content=\"edra\" \/>\n\t<meta name=\"twitter:label2\" content=\"Est. reading time\" \/>\n\t<meta name=\"twitter:data2\" content=\"1 minute\" \/>\n<script type=\"application\/ld+json\" class=\"yoast-schema-graph\">{\"@context\":\"https:\/\/schema.org\",\"@graph\":[{\"@type\":\"WebSite\",\"@id\":\"https:\/\/www.dentalcadmos.com\/#website\",\"url\":\"https:\/\/www.dentalcadmos.com\/\",\"name\":\"Dental Cadmos\",\"description\":\"\",\"potentialAction\":[{\"@type\":\"SearchAction\",\"target\":{\"@type\":\"EntryPoint\",\"urlTemplate\":\"https:\/\/www.dentalcadmos.com\/?s={search_term_string}\"},\"query-input\":\"required name=search_term_string\"}],\"inLanguage\":\"en-US\"},{\"@type\":\"WebPage\",\"@id\":\"https:\/\/www.dentalcadmos.com\/autismo-e-salute-orale-la-sfida-della-fondazione-sidp-intervista-a-claudio-gatti\/#webpage\",\"url\":\"https:\/\/www.dentalcadmos.com\/autismo-e-salute-orale-la-sfida-della-fondazione-sidp-intervista-a-claudio-gatti\/\",\"name\":\"Autismo e salute orale: la sfida della Fondazione SIdP. Intervista a.. Claudio Gatti - Dental Cadmos\",\"isPartOf\":{\"@id\":\"https:\/\/www.dentalcadmos.com\/#website\"},\"datePublished\":\"2025-10-07T12:57:18+00:00\",\"dateModified\":\"2025-10-07T13:14:28+00:00\",\"author\":{\"@id\":\"https:\/\/www.dentalcadmos.com\/#\/schema\/person\/dae8bc45e635361a55553f0aac0857fe\"},\"breadcrumb\":{\"@id\":\"https:\/\/www.dentalcadmos.com\/autismo-e-salute-orale-la-sfida-della-fondazione-sidp-intervista-a-claudio-gatti\/#breadcrumb\"},\"inLanguage\":\"en-US\",\"potentialAction\":[{\"@type\":\"ReadAction\",\"target\":[\"https:\/\/www.dentalcadmos.com\/autismo-e-salute-orale-la-sfida-della-fondazione-sidp-intervista-a-claudio-gatti\/\"]}]},{\"@type\":\"BreadcrumbList\",\"@id\":\"https:\/\/www.dentalcadmos.com\/autismo-e-salute-orale-la-sfida-della-fondazione-sidp-intervista-a-claudio-gatti\/#breadcrumb\",\"itemListElement\":[{\"@type\":\"ListItem\",\"position\":1,\"name\":\"Home\",\"item\":\"https:\/\/www.dentalcadmos.com\/\"},{\"@type\":\"ListItem\",\"position\":2,\"name\":\"Autismo e salute orale: la sfida della Fondazione SIdP. Intervista a.. Claudio Gatti\"}]},{\"@type\":\"Person\",\"@id\":\"https:\/\/www.dentalcadmos.com\/#\/schema\/person\/dae8bc45e635361a55553f0aac0857fe\",\"name\":\"edra\",\"image\":{\"@type\":\"ImageObject\",\"@id\":\"https:\/\/www.dentalcadmos.com\/#personlogo\",\"inLanguage\":\"en-US\",\"url\":\"https:\/\/secure.gravatar.com\/avatar\/e2aad0a8340bb6125c47d6b52ca5828e?s=96&d=mm&r=g\",\"contentUrl\":\"https:\/\/secure.gravatar.com\/avatar\/e2aad0a8340bb6125c47d6b52ca5828e?s=96&d=mm&r=g\",\"caption\":\"edra\"},\"url\":\"https:\/\/www.dentalcadmos.com\/en\/author\/edra\/\"}]}<\/script>\n<!-- \/ Yoast SEO plugin. -->","yoast_head_json":{"title":"Autismo e salute orale: la sfida della Fondazione SIdP. Intervista a.. Claudio Gatti - Dental Cadmos","robots":{"index":"index","follow":"follow","max-snippet":"max-snippet:-1","max-image-preview":"max-image-preview:large","max-video-preview":"max-video-preview:-1"},"canonical":"https:\/\/www.dentalcadmos.com\/en\/autismo-e-salute-orale-la-sfida-della-fondazione-sidp-intervista-a-claudio-gatti\/","og_locale":"en_US","og_type":"article","og_title":"Autismo e salute orale: la sfida della Fondazione SIdP. Intervista a.. Claudio Gatti - Dental Cadmos","og_description":"Prendersi cura del sorriso di tutti, anche di chi vive una condizione di fragilit\u00e0, \u00e8 una sfida che richiede competenze, empatia e dedizione. Nel mondo dell\u2019odontoiatria, le persone con disturbi dello spettro autistico rappresentano un universo complesso, spesso trascurato, in cui la prevenzione e la cura dell\u2019igiene orale diventano un percorso di squadra tra famiglie, &hellip; Continued","og_url":"https:\/\/www.dentalcadmos.com\/autismo-e-salute-orale-la-sfida-della-fondazione-sidp-intervista-a-claudio-gatti\/","og_site_name":"Dental Cadmos","article_published_time":"2025-10-07T12:57:18+00:00","article_modified_time":"2025-10-07T13:14:28+00:00","twitter_card":"summary_large_image","twitter_misc":{"Written by":"edra","Est. reading time":"1 minute"},"schema":{"@context":"https:\/\/schema.org","@graph":[{"@type":"WebSite","@id":"https:\/\/www.dentalcadmos.com\/#website","url":"https:\/\/www.dentalcadmos.com\/","name":"Dental Cadmos","description":"","potentialAction":[{"@type":"SearchAction","target":{"@type":"EntryPoint","urlTemplate":"https:\/\/www.dentalcadmos.com\/?s={search_term_string}"},"query-input":"required name=search_term_string"}],"inLanguage":"en-US"},{"@type":"WebPage","@id":"https:\/\/www.dentalcadmos.com\/autismo-e-salute-orale-la-sfida-della-fondazione-sidp-intervista-a-claudio-gatti\/#webpage","url":"https:\/\/www.dentalcadmos.com\/autismo-e-salute-orale-la-sfida-della-fondazione-sidp-intervista-a-claudio-gatti\/","name":"Autismo e salute orale: la sfida della Fondazione SIdP. Intervista a.. Claudio Gatti - Dental Cadmos","isPartOf":{"@id":"https:\/\/www.dentalcadmos.com\/#website"},"datePublished":"2025-10-07T12:57:18+00:00","dateModified":"2025-10-07T13:14:28+00:00","author":{"@id":"https:\/\/www.dentalcadmos.com\/#\/schema\/person\/dae8bc45e635361a55553f0aac0857fe"},"breadcrumb":{"@id":"https:\/\/www.dentalcadmos.com\/autismo-e-salute-orale-la-sfida-della-fondazione-sidp-intervista-a-claudio-gatti\/#breadcrumb"},"inLanguage":"en-US","potentialAction":[{"@type":"ReadAction","target":["https:\/\/www.dentalcadmos.com\/autismo-e-salute-orale-la-sfida-della-fondazione-sidp-intervista-a-claudio-gatti\/"]}]},{"@type":"BreadcrumbList","@id":"https:\/\/www.dentalcadmos.com\/autismo-e-salute-orale-la-sfida-della-fondazione-sidp-intervista-a-claudio-gatti\/#breadcrumb","itemListElement":[{"@type":"ListItem","position":1,"name":"Home","item":"https:\/\/www.dentalcadmos.com\/"},{"@type":"ListItem","position":2,"name":"Autismo e salute orale: la sfida della Fondazione SIdP. Intervista a.. Claudio Gatti"}]},{"@type":"Person","@id":"https:\/\/www.dentalcadmos.com\/#\/schema\/person\/dae8bc45e635361a55553f0aac0857fe","name":"edra","image":{"@type":"ImageObject","@id":"https:\/\/www.dentalcadmos.com\/#personlogo","inLanguage":"en-US","url":"https:\/\/secure.gravatar.com\/avatar\/e2aad0a8340bb6125c47d6b52ca5828e?s=96&d=mm&r=g","contentUrl":"https:\/\/secure.gravatar.com\/avatar\/e2aad0a8340bb6125c47d6b52ca5828e?s=96&d=mm&r=g","caption":"edra"},"url":"https:\/\/www.dentalcadmos.com\/en\/author\/edra\/"}]}},"_links":{"self":[{"href":"https:\/\/www.dentalcadmos.com\/en\/wp-json\/wp\/v2\/posts\/11284"}],"collection":[{"href":"https:\/\/www.dentalcadmos.com\/en\/wp-json\/wp\/v2\/posts"}],"about":[{"href":"https:\/\/www.dentalcadmos.com\/en\/wp-json\/wp\/v2\/types\/post"}],"author":[{"embeddable":true,"href":"https:\/\/www.dentalcadmos.com\/en\/wp-json\/wp\/v2\/users\/2"}],"replies":[{"embeddable":true,"href":"https:\/\/www.dentalcadmos.com\/en\/wp-json\/wp\/v2\/comments?post=11284"}],"version-history":[{"count":1,"href":"https:\/\/www.dentalcadmos.com\/en\/wp-json\/wp\/v2\/posts\/11284\/revisions"}],"predecessor-version":[{"id":11287,"href":"https:\/\/www.dentalcadmos.com\/en\/wp-json\/wp\/v2\/posts\/11284\/revisions\/11287"}],"wp:attachment":[{"href":"https:\/\/www.dentalcadmos.com\/en\/wp-json\/wp\/v2\/media?parent=11284"}],"wp:term":[{"taxonomy":"category","embeddable":true,"href":"https:\/\/www.dentalcadmos.com\/en\/wp-json\/wp\/v2\/categories?post=11284"},{"taxonomy":"post_tag","embeddable":true,"href":"https:\/\/www.dentalcadmos.com\/en\/wp-json\/wp\/v2\/tags?post=11284"}],"curies":[{"name":"wp","href":"https:\/\/api.w.org\/{rel}","templated":true}]}}