{"id":11559,"date":"2025-12-29T14:43:22","date_gmt":"2025-12-29T13:43:22","guid":{"rendered":"https:\/\/www.dentalcadmos.com\/?p=11559"},"modified":"2025-12-29T15:04:56","modified_gmt":"2025-12-29T14:04:56","slug":"correlazione-tra-parametri-ortodontici-cefalometrici-e-avulsione-di-terzi-molari-inferiori-inclusi","status":"publish","type":"post","link":"https:\/\/www.dentalcadmos.com\/en\/correlazione-tra-parametri-ortodontici-cefalometrici-e-avulsione-di-terzi-molari-inferiori-inclusi\/","title":{"rendered":"Correlazione tra parametri ortodontici\/cefalometrici e avulsione di terzi molari inferiori inclusi"},"content":{"rendered":"<p style=\"text-align: justify;\"><strong>OBIETTIVI:<\/strong> Lo scopo del presente studio \u00e8 analizzare, mediante un\u2019analisi statistica retrospettiva, la possibile correlazione tra specifici parametri ortodontici e cefalometrici e l\u2019avulsione dei terzi molari inferiori inclusi per finalit\u00e0 ortodontiche.<\/p>\n<p style=\"text-align: justify;\"><strong>MATERIALI E METODI:<\/strong> Sono stati analizzati 380 pazienti con et\u00e0 superiore a 15 anni, che per diagnosi differenti presentavano indicazioni all\u2019avulsione di un terzo<br \/>\nmolare inferiore incluso per un totale di 630 estrazioni complessive. Sono stati, per\u00f2, analizzati 90 pazienti sottoposti a trattamento ortodontico pianificato dallo stesso specialista per un totale di 128 estrazioni. Gli interventi chirurgici sono stati eseguiti da un unico operatore con una tecnica chirurgica standardizzata. Tutti i pazienti presi in esame sono stati sottoposti a un check-up ortodontico (esame obiettivo extraorale e intraorale, ortopantomografia, teleradiografia latero- laterale del cranio, tracciato cefalometrico, fotografie ortodontiche extraorali e intraorali e rilevazioni delle impronte per modelli studio). Sono stati analizzati i tracciati cefalometrici prima che i pazienti fossero sottoposti a trattamento ortodontico.<br \/>\nLa scelta di utilizzare parametri angolari \u00e8 stata dettata dalla loro maggiore affidabilit\u00e0, poich\u00e9, rispetto alle misurazioni lineari, risultano meno suscettibili agli errori di misurazione.<\/p>\n<p style=\"text-align: justify;\"><strong>RISULTATI E CONCLUSIONI:<\/strong> I risultati hanno messo in luce alcune correlazioni significative, anche se non sempre di forte impatto statistico. In particolare, l\u2019asse incisivo inferiore ha mostrato una relazione significativa con il grado di inclusione del terzo molare, suggerendo un\u2019influenza diretta sulla complessit\u00e0 chirurgica di avulsione del terzo molare inferiore. L\u2019angolo goniaco e l\u2019asse dell\u2019incisivo inferiore sono i due parametri che hanno mostrato una connessione significativa con la classificazione di Pell e Gregory.<\/p>\n<p style=\"text-align: justify;\"><strong>SIGNIFICATO CLINICO:<\/strong> L\u2019inclinazione degli incisivi pu\u00f2 influenzare lo spazio disponibile per l\u2019eruzione dei terzi molari. I risultati ottenuti evidenziano l\u2019importanza dell\u2019asse incisivo inferiore come parametro cefalometrico utile nella pianificazione delle estrazioni dei terzi molari inferiori. Tuttavia, il potere predittivo limitato e l\u2019assenza di connessioni significative per altre variabili cefalometriche sottolineano la necessit\u00e0 di ulteriori studi. Questi studi dovrebbero includere campioni pi\u00f9 ampi e considerare altre variabili, come la morfologia ossea e la predisposizione genetica, per migliorare la capacit\u00e0 predittiva complessiva e ottimizzare la gestione clinica dei pazienti.<\/p>\n<p><i>Per continuare la lettura gli abbonati possono scaricare l\u2019allegato<\/i><\/p>\n","protected":false},"excerpt":{"rendered":"<p>OBIETTIVI: Lo scopo del presente studio \u00e8 analizzare, mediante un\u2019analisi statistica retrospettiva, la possibile correlazione tra specifici parametri ortodontici e cefalometrici e l\u2019avulsione dei terzi molari inferiori inclusi per finalit\u00e0 ortodontiche. MATERIALI E METODI: Sono stati analizzati 380 pazienti con et\u00e0 superiore a 15 anni, che per diagnosi differenti presentavano indicazioni all\u2019avulsione di un terzo &hellip; <a href=\"https:\/\/www.dentalcadmos.com\/en\/correlazione-tra-parametri-ortodontici-cefalometrici-e-avulsione-di-terzi-molari-inferiori-inclusi\/\">Continued<\/a><\/p>\n","protected":false},"author":2,"featured_media":0,"comment_status":"open","ping_status":"open","sticky":false,"template":"","format":"standard","meta":[],"categories":[1],"tags":[],"yoast_head":"<!-- This site is optimized with the Yoast SEO plugin v17.4 - https:\/\/yoast.com\/wordpress\/plugins\/seo\/ -->\n<title>Correlazione tra parametri ortodontici\/cefalometrici e avulsione di terzi molari inferiori inclusi - Dental Cadmos<\/title>\n<meta name=\"robots\" content=\"index, follow, max-snippet:-1, max-image-preview:large, max-video-preview:-1\" \/>\n<link rel=\"canonical\" href=\"https:\/\/www.dentalcadmos.com\/en\/correlazione-tra-parametri-ortodontici-cefalometrici-e-avulsione-di-terzi-molari-inferiori-inclusi\/\" \/>\n<meta property=\"og:locale\" content=\"en_US\" \/>\n<meta property=\"og:type\" content=\"article\" \/>\n<meta property=\"og:title\" content=\"Correlazione tra parametri ortodontici\/cefalometrici e avulsione di terzi molari inferiori inclusi - Dental Cadmos\" \/>\n<meta property=\"og:description\" content=\"OBIETTIVI: Lo scopo del presente studio \u00e8 analizzare, mediante un\u2019analisi statistica retrospettiva, la possibile correlazione tra specifici parametri ortodontici e cefalometrici e l\u2019avulsione dei terzi molari inferiori inclusi per finalit\u00e0 ortodontiche. MATERIALI E METODI: Sono stati analizzati 380 pazienti con et\u00e0 superiore a 15 anni, che per diagnosi differenti presentavano indicazioni all\u2019avulsione di un terzo &hellip; Continued\" \/>\n<meta property=\"og:url\" content=\"https:\/\/www.dentalcadmos.com\/correlazione-tra-parametri-ortodontici-cefalometrici-e-avulsione-di-terzi-molari-inferiori-inclusi\/\" \/>\n<meta property=\"og:site_name\" content=\"Dental Cadmos\" \/>\n<meta property=\"article:published_time\" content=\"2025-12-29T13:43:22+00:00\" \/>\n<meta property=\"article:modified_time\" content=\"2025-12-29T14:04:56+00:00\" \/>\n<meta name=\"twitter:card\" content=\"summary_large_image\" \/>\n<meta name=\"twitter:label1\" content=\"Written by\" \/>\n\t<meta name=\"twitter:data1\" content=\"edra\" \/>\n\t<meta name=\"twitter:label2\" content=\"Est. reading time\" \/>\n\t<meta name=\"twitter:data2\" content=\"2 minutes\" \/>\n<script type=\"application\/ld+json\" class=\"yoast-schema-graph\">{\"@context\":\"https:\/\/schema.org\",\"@graph\":[{\"@type\":\"WebSite\",\"@id\":\"https:\/\/www.dentalcadmos.com\/#website\",\"url\":\"https:\/\/www.dentalcadmos.com\/\",\"name\":\"Dental Cadmos\",\"description\":\"\",\"potentialAction\":[{\"@type\":\"SearchAction\",\"target\":{\"@type\":\"EntryPoint\",\"urlTemplate\":\"https:\/\/www.dentalcadmos.com\/?s={search_term_string}\"},\"query-input\":\"required name=search_term_string\"}],\"inLanguage\":\"en-US\"},{\"@type\":\"WebPage\",\"@id\":\"https:\/\/www.dentalcadmos.com\/correlazione-tra-parametri-ortodontici-cefalometrici-e-avulsione-di-terzi-molari-inferiori-inclusi\/#webpage\",\"url\":\"https:\/\/www.dentalcadmos.com\/correlazione-tra-parametri-ortodontici-cefalometrici-e-avulsione-di-terzi-molari-inferiori-inclusi\/\",\"name\":\"Correlazione tra parametri ortodontici\/cefalometrici e avulsione di terzi molari inferiori inclusi - Dental Cadmos\",\"isPartOf\":{\"@id\":\"https:\/\/www.dentalcadmos.com\/#website\"},\"datePublished\":\"2025-12-29T13:43:22+00:00\",\"dateModified\":\"2025-12-29T14:04:56+00:00\",\"author\":{\"@id\":\"https:\/\/www.dentalcadmos.com\/#\/schema\/person\/dae8bc45e635361a55553f0aac0857fe\"},\"breadcrumb\":{\"@id\":\"https:\/\/www.dentalcadmos.com\/correlazione-tra-parametri-ortodontici-cefalometrici-e-avulsione-di-terzi-molari-inferiori-inclusi\/#breadcrumb\"},\"inLanguage\":\"en-US\",\"potentialAction\":[{\"@type\":\"ReadAction\",\"target\":[\"https:\/\/www.dentalcadmos.com\/correlazione-tra-parametri-ortodontici-cefalometrici-e-avulsione-di-terzi-molari-inferiori-inclusi\/\"]}]},{\"@type\":\"BreadcrumbList\",\"@id\":\"https:\/\/www.dentalcadmos.com\/correlazione-tra-parametri-ortodontici-cefalometrici-e-avulsione-di-terzi-molari-inferiori-inclusi\/#breadcrumb\",\"itemListElement\":[{\"@type\":\"ListItem\",\"position\":1,\"name\":\"Home\",\"item\":\"https:\/\/www.dentalcadmos.com\/\"},{\"@type\":\"ListItem\",\"position\":2,\"name\":\"Correlazione tra parametri ortodontici\/cefalometrici e avulsione di terzi molari inferiori inclusi\"}]},{\"@type\":\"Person\",\"@id\":\"https:\/\/www.dentalcadmos.com\/#\/schema\/person\/dae8bc45e635361a55553f0aac0857fe\",\"name\":\"edra\",\"image\":{\"@type\":\"ImageObject\",\"@id\":\"https:\/\/www.dentalcadmos.com\/#personlogo\",\"inLanguage\":\"en-US\",\"url\":\"https:\/\/secure.gravatar.com\/avatar\/e2aad0a8340bb6125c47d6b52ca5828e?s=96&d=mm&r=g\",\"contentUrl\":\"https:\/\/secure.gravatar.com\/avatar\/e2aad0a8340bb6125c47d6b52ca5828e?s=96&d=mm&r=g\",\"caption\":\"edra\"},\"url\":\"https:\/\/www.dentalcadmos.com\/en\/author\/edra\/\"}]}<\/script>\n<!-- \/ Yoast SEO plugin. -->","yoast_head_json":{"title":"Correlazione tra parametri ortodontici\/cefalometrici e avulsione di terzi molari inferiori inclusi - Dental Cadmos","robots":{"index":"index","follow":"follow","max-snippet":"max-snippet:-1","max-image-preview":"max-image-preview:large","max-video-preview":"max-video-preview:-1"},"canonical":"https:\/\/www.dentalcadmos.com\/en\/correlazione-tra-parametri-ortodontici-cefalometrici-e-avulsione-di-terzi-molari-inferiori-inclusi\/","og_locale":"en_US","og_type":"article","og_title":"Correlazione tra parametri ortodontici\/cefalometrici e avulsione di terzi molari inferiori inclusi - Dental Cadmos","og_description":"OBIETTIVI: Lo scopo del presente studio \u00e8 analizzare, mediante un\u2019analisi statistica retrospettiva, la possibile correlazione tra specifici parametri ortodontici e cefalometrici e l\u2019avulsione dei terzi molari inferiori inclusi per finalit\u00e0 ortodontiche. MATERIALI E METODI: Sono stati analizzati 380 pazienti con et\u00e0 superiore a 15 anni, che per diagnosi differenti presentavano indicazioni all\u2019avulsione di un terzo &hellip; Continued","og_url":"https:\/\/www.dentalcadmos.com\/correlazione-tra-parametri-ortodontici-cefalometrici-e-avulsione-di-terzi-molari-inferiori-inclusi\/","og_site_name":"Dental Cadmos","article_published_time":"2025-12-29T13:43:22+00:00","article_modified_time":"2025-12-29T14:04:56+00:00","twitter_card":"summary_large_image","twitter_misc":{"Written by":"edra","Est. reading time":"2 minutes"},"schema":{"@context":"https:\/\/schema.org","@graph":[{"@type":"WebSite","@id":"https:\/\/www.dentalcadmos.com\/#website","url":"https:\/\/www.dentalcadmos.com\/","name":"Dental Cadmos","description":"","potentialAction":[{"@type":"SearchAction","target":{"@type":"EntryPoint","urlTemplate":"https:\/\/www.dentalcadmos.com\/?s={search_term_string}"},"query-input":"required name=search_term_string"}],"inLanguage":"en-US"},{"@type":"WebPage","@id":"https:\/\/www.dentalcadmos.com\/correlazione-tra-parametri-ortodontici-cefalometrici-e-avulsione-di-terzi-molari-inferiori-inclusi\/#webpage","url":"https:\/\/www.dentalcadmos.com\/correlazione-tra-parametri-ortodontici-cefalometrici-e-avulsione-di-terzi-molari-inferiori-inclusi\/","name":"Correlazione tra parametri ortodontici\/cefalometrici e avulsione di terzi molari inferiori inclusi - Dental Cadmos","isPartOf":{"@id":"https:\/\/www.dentalcadmos.com\/#website"},"datePublished":"2025-12-29T13:43:22+00:00","dateModified":"2025-12-29T14:04:56+00:00","author":{"@id":"https:\/\/www.dentalcadmos.com\/#\/schema\/person\/dae8bc45e635361a55553f0aac0857fe"},"breadcrumb":{"@id":"https:\/\/www.dentalcadmos.com\/correlazione-tra-parametri-ortodontici-cefalometrici-e-avulsione-di-terzi-molari-inferiori-inclusi\/#breadcrumb"},"inLanguage":"en-US","potentialAction":[{"@type":"ReadAction","target":["https:\/\/www.dentalcadmos.com\/correlazione-tra-parametri-ortodontici-cefalometrici-e-avulsione-di-terzi-molari-inferiori-inclusi\/"]}]},{"@type":"BreadcrumbList","@id":"https:\/\/www.dentalcadmos.com\/correlazione-tra-parametri-ortodontici-cefalometrici-e-avulsione-di-terzi-molari-inferiori-inclusi\/#breadcrumb","itemListElement":[{"@type":"ListItem","position":1,"name":"Home","item":"https:\/\/www.dentalcadmos.com\/"},{"@type":"ListItem","position":2,"name":"Correlazione tra parametri ortodontici\/cefalometrici e avulsione di terzi molari inferiori inclusi"}]},{"@type":"Person","@id":"https:\/\/www.dentalcadmos.com\/#\/schema\/person\/dae8bc45e635361a55553f0aac0857fe","name":"edra","image":{"@type":"ImageObject","@id":"https:\/\/www.dentalcadmos.com\/#personlogo","inLanguage":"en-US","url":"https:\/\/secure.gravatar.com\/avatar\/e2aad0a8340bb6125c47d6b52ca5828e?s=96&d=mm&r=g","contentUrl":"https:\/\/secure.gravatar.com\/avatar\/e2aad0a8340bb6125c47d6b52ca5828e?s=96&d=mm&r=g","caption":"edra"},"url":"https:\/\/www.dentalcadmos.com\/en\/author\/edra\/"}]}},"_links":{"self":[{"href":"https:\/\/www.dentalcadmos.com\/en\/wp-json\/wp\/v2\/posts\/11559"}],"collection":[{"href":"https:\/\/www.dentalcadmos.com\/en\/wp-json\/wp\/v2\/posts"}],"about":[{"href":"https:\/\/www.dentalcadmos.com\/en\/wp-json\/wp\/v2\/types\/post"}],"author":[{"embeddable":true,"href":"https:\/\/www.dentalcadmos.com\/en\/wp-json\/wp\/v2\/users\/2"}],"replies":[{"embeddable":true,"href":"https:\/\/www.dentalcadmos.com\/en\/wp-json\/wp\/v2\/comments?post=11559"}],"version-history":[{"count":2,"href":"https:\/\/www.dentalcadmos.com\/en\/wp-json\/wp\/v2\/posts\/11559\/revisions"}],"predecessor-version":[{"id":11575,"href":"https:\/\/www.dentalcadmos.com\/en\/wp-json\/wp\/v2\/posts\/11559\/revisions\/11575"}],"wp:attachment":[{"href":"https:\/\/www.dentalcadmos.com\/en\/wp-json\/wp\/v2\/media?parent=11559"}],"wp:term":[{"taxonomy":"category","embeddable":true,"href":"https:\/\/www.dentalcadmos.com\/en\/wp-json\/wp\/v2\/categories?post=11559"},{"taxonomy":"post_tag","embeddable":true,"href":"https:\/\/www.dentalcadmos.com\/en\/wp-json\/wp\/v2\/tags?post=11559"}],"curies":[{"name":"wp","href":"https:\/\/api.w.org\/{rel}","templated":true}]}}