{"id":2021,"date":"2021-07-26T10:00:54","date_gmt":"2021-07-26T08:00:54","guid":{"rendered":"https:\/\/www.dentalcadmos.com\/terapia-parodontale-in-paziente-affetta-da-parodontite-generalizzata-follow-up-a-7-anni\/"},"modified":"2021-07-26T10:00:54","modified_gmt":"2021-07-26T08:00:54","slug":"terapia-parodontale-in-paziente-affetta-da-parodontite-generalizzata-follow-up-a-7-anni","status":"publish","type":"post","link":"https:\/\/www.dentalcadmos.com\/en\/terapia-parodontale-in-paziente-affetta-da-parodontite-generalizzata-follow-up-a-7-anni\/","title":{"rendered":"Terapia parodontale in paziente affetta da parodontite generalizzata: follow-up a 7 anni"},"content":{"rendered":"<p>                     La paziente P.V., infermiera, si reca nel 2011 presso il Reparto di parodontologia della Dental School di Torino riportando preoccupazione per il sanguinamento gengivale e la mobilit\u00e0 dentale, e sperando di non doversi pi\u00f9 sottoporre ad alcuna estrazione, anche perch\u00e9, date le ristrettezze economiche, non potrebbe permettersi alcun tipo di riabilitazione protesica complessa.<\/p>\n<p>L\u2019anamnesi generale non evidenzia patologie sistemiche in atto. La paziente riferisce di aver fumato 10 sigarette al giorno per circa 20 anni fino al 2010 e poi di avere smesso.<\/p>\n<p>Nel 2007 si era sottoposta a una visita odontoiatrica, in seguito alla quale erano state eseguite una seduta di igiene professionale, la devitalizzazione con successivo splintaggio dei 4 incisivi inferiori e l\u2019estrazione degli elementi 1.7, 1.8, 2.7, 2.8 per mobilit\u00e0.<\/p>\n<p>La paziente non riferisce di essere stata informata sul suo quadro parodontale e le condizioni del suo apparato stomatologico sono ulteriormente peggiorate.<\/p>\n<p>La paziente, che riporta familiarit\u00e0 per la malattia parodontale da parte di madre, si sottopone a sedute di igiene orale professionale in modo irregolare e non ha un dentista di riferimento. L\u2019igiene orale domiciliare \u00e8 effettuata con spazzolino manuale, due volte al giorno, con tecnica non corretta.<\/p>\n<p>L\u2019esame intraorale evidenzia la presenza di evidenti accumuli di placca e tartaro diffusi, perdita delle papille interprossimali, forte edema e infiammazione generalizzati.<\/p>\n<p>Si nota la migrazione dentale patologica, in particolare l\u2019inclinizione vestibolare degli elementi del secondo sestante e la conseguente estrusione degli elementi del quinto sestante. Si rilevano carie degli elementi 3.7 e 4.7 distale.      <\/p>\n<p><i>Per continuare la lettura scaricare l&#8217;allegato.<\/i><\/p>\n<p><b>doi: <a href=\"https:\/\/doi.org\/10.19256\/d.cadmos.06.2019.08\">https:\/\/doi.org\/10.19256\/d.cadmos.06.2019.08<\/a><\/b><\/p>\n<p><\/p>\n","protected":false},"excerpt":{"rendered":"<p>La paziente P.V., infermiera, si reca nel 2011 presso il Reparto di parodontologia della Dental School di Torino riportando preoccupazione per il sanguinamento gengivale e la mobilit\u00e0 dentale, e sperando di non doversi pi\u00f9 sottoporre ad alcuna estrazione, anche perch\u00e9, date le ristrettezze economiche, non potrebbe permettersi alcun tipo di riabilitazione protesica complessa. L\u2019anamnesi generale &hellip; <a href=\"https:\/\/www.dentalcadmos.com\/en\/terapia-parodontale-in-paziente-affetta-da-parodontite-generalizzata-follow-up-a-7-anni\/\">Continued<\/a><\/p>\n","protected":false},"author":1,"featured_media":0,"comment_status":"open","ping_status":"open","sticky":false,"template":"","format":"standard","meta":[],"categories":[1],"tags":[],"yoast_head":"<!-- This site is optimized with the Yoast SEO plugin v17.4 - https:\/\/yoast.com\/wordpress\/plugins\/seo\/ -->\n<title>Terapia parodontale in paziente affetta da parodontite generalizzata: follow-up a 7 anni - Dental Cadmos<\/title>\n<meta name=\"robots\" content=\"index, follow, max-snippet:-1, max-image-preview:large, max-video-preview:-1\" \/>\n<link rel=\"canonical\" href=\"https:\/\/www.dentalcadmos.com\/en\/terapia-parodontale-in-paziente-affetta-da-parodontite-generalizzata-follow-up-a-7-anni\/\" \/>\n<meta property=\"og:locale\" content=\"en_US\" \/>\n<meta property=\"og:type\" content=\"article\" \/>\n<meta property=\"og:title\" content=\"Terapia parodontale in paziente affetta da parodontite generalizzata: follow-up a 7 anni - Dental Cadmos\" \/>\n<meta property=\"og:description\" content=\"La paziente P.V., infermiera, si reca nel 2011 presso il Reparto di parodontologia della Dental School di Torino riportando preoccupazione per il sanguinamento gengivale e la mobilit\u00e0 dentale, e sperando di non doversi pi\u00f9 sottoporre ad alcuna estrazione, anche perch\u00e9, date le ristrettezze economiche, non potrebbe permettersi alcun tipo di riabilitazione protesica complessa. L\u2019anamnesi generale &hellip; Continued\" \/>\n<meta property=\"og:url\" content=\"https:\/\/www.dentalcadmos.com\/terapia-parodontale-in-paziente-affetta-da-parodontite-generalizzata-follow-up-a-7-anni\/\" \/>\n<meta property=\"og:site_name\" content=\"Dental Cadmos\" \/>\n<meta property=\"article:published_time\" content=\"2021-07-26T08:00:54+00:00\" \/>\n<meta name=\"twitter:card\" content=\"summary_large_image\" \/>\n<meta name=\"twitter:label1\" content=\"Written by\" \/>\n\t<meta name=\"twitter:data1\" content=\"Greta Schincaglia\" \/>\n\t<meta name=\"twitter:label2\" content=\"Est. reading time\" \/>\n\t<meta name=\"twitter:data2\" content=\"1 minute\" \/>\n<script type=\"application\/ld+json\" class=\"yoast-schema-graph\">{\"@context\":\"https:\/\/schema.org\",\"@graph\":[{\"@type\":\"WebSite\",\"@id\":\"https:\/\/www.dentalcadmos.com\/#website\",\"url\":\"https:\/\/www.dentalcadmos.com\/\",\"name\":\"Dental Cadmos\",\"description\":\"\",\"potentialAction\":[{\"@type\":\"SearchAction\",\"target\":{\"@type\":\"EntryPoint\",\"urlTemplate\":\"https:\/\/www.dentalcadmos.com\/?s={search_term_string}\"},\"query-input\":\"required name=search_term_string\"}],\"inLanguage\":\"en-US\"},{\"@type\":\"WebPage\",\"@id\":\"https:\/\/www.dentalcadmos.com\/terapia-parodontale-in-paziente-affetta-da-parodontite-generalizzata-follow-up-a-7-anni\/#webpage\",\"url\":\"https:\/\/www.dentalcadmos.com\/terapia-parodontale-in-paziente-affetta-da-parodontite-generalizzata-follow-up-a-7-anni\/\",\"name\":\"Terapia parodontale in paziente affetta da parodontite generalizzata: follow-up a 7 anni - Dental Cadmos\",\"isPartOf\":{\"@id\":\"https:\/\/www.dentalcadmos.com\/#website\"},\"datePublished\":\"2021-07-26T08:00:54+00:00\",\"dateModified\":\"2021-07-26T08:00:54+00:00\",\"author\":{\"@id\":\"https:\/\/www.dentalcadmos.com\/#\/schema\/person\/03773f859d81b9eff9790a180b88dd5e\"},\"breadcrumb\":{\"@id\":\"https:\/\/www.dentalcadmos.com\/terapia-parodontale-in-paziente-affetta-da-parodontite-generalizzata-follow-up-a-7-anni\/#breadcrumb\"},\"inLanguage\":\"en-US\",\"potentialAction\":[{\"@type\":\"ReadAction\",\"target\":[\"https:\/\/www.dentalcadmos.com\/terapia-parodontale-in-paziente-affetta-da-parodontite-generalizzata-follow-up-a-7-anni\/\"]}]},{\"@type\":\"BreadcrumbList\",\"@id\":\"https:\/\/www.dentalcadmos.com\/terapia-parodontale-in-paziente-affetta-da-parodontite-generalizzata-follow-up-a-7-anni\/#breadcrumb\",\"itemListElement\":[{\"@type\":\"ListItem\",\"position\":1,\"name\":\"Home\",\"item\":\"https:\/\/www.dentalcadmos.com\/\"},{\"@type\":\"ListItem\",\"position\":2,\"name\":\"Terapia parodontale in paziente affetta da parodontite generalizzata: follow-up a 7 anni\"}]},{\"@type\":\"Person\",\"@id\":\"https:\/\/www.dentalcadmos.com\/#\/schema\/person\/03773f859d81b9eff9790a180b88dd5e\",\"name\":\"Greta Schincaglia\",\"image\":{\"@type\":\"ImageObject\",\"@id\":\"https:\/\/www.dentalcadmos.com\/#personlogo\",\"inLanguage\":\"en-US\",\"url\":\"https:\/\/secure.gravatar.com\/avatar\/5d4eda3c3873680e78bca07f48f82b5d?s=96&d=mm&r=g\",\"contentUrl\":\"https:\/\/secure.gravatar.com\/avatar\/5d4eda3c3873680e78bca07f48f82b5d?s=96&d=mm&r=g\",\"caption\":\"Greta Schincaglia\"},\"url\":\"https:\/\/www.dentalcadmos.com\/en\/author\/almaware\/\"}]}<\/script>\n<!-- \/ Yoast SEO plugin. -->","yoast_head_json":{"title":"Terapia parodontale in paziente affetta da parodontite generalizzata: follow-up a 7 anni - Dental Cadmos","robots":{"index":"index","follow":"follow","max-snippet":"max-snippet:-1","max-image-preview":"max-image-preview:large","max-video-preview":"max-video-preview:-1"},"canonical":"https:\/\/www.dentalcadmos.com\/en\/terapia-parodontale-in-paziente-affetta-da-parodontite-generalizzata-follow-up-a-7-anni\/","og_locale":"en_US","og_type":"article","og_title":"Terapia parodontale in paziente affetta da parodontite generalizzata: follow-up a 7 anni - Dental Cadmos","og_description":"La paziente P.V., infermiera, si reca nel 2011 presso il Reparto di parodontologia della Dental School di Torino riportando preoccupazione per il sanguinamento gengivale e la mobilit\u00e0 dentale, e sperando di non doversi pi\u00f9 sottoporre ad alcuna estrazione, anche perch\u00e9, date le ristrettezze economiche, non potrebbe permettersi alcun tipo di riabilitazione protesica complessa. L\u2019anamnesi generale &hellip; Continued","og_url":"https:\/\/www.dentalcadmos.com\/terapia-parodontale-in-paziente-affetta-da-parodontite-generalizzata-follow-up-a-7-anni\/","og_site_name":"Dental Cadmos","article_published_time":"2021-07-26T08:00:54+00:00","twitter_card":"summary_large_image","twitter_misc":{"Written by":"Greta Schincaglia","Est. reading time":"1 minute"},"schema":{"@context":"https:\/\/schema.org","@graph":[{"@type":"WebSite","@id":"https:\/\/www.dentalcadmos.com\/#website","url":"https:\/\/www.dentalcadmos.com\/","name":"Dental Cadmos","description":"","potentialAction":[{"@type":"SearchAction","target":{"@type":"EntryPoint","urlTemplate":"https:\/\/www.dentalcadmos.com\/?s={search_term_string}"},"query-input":"required name=search_term_string"}],"inLanguage":"en-US"},{"@type":"WebPage","@id":"https:\/\/www.dentalcadmos.com\/terapia-parodontale-in-paziente-affetta-da-parodontite-generalizzata-follow-up-a-7-anni\/#webpage","url":"https:\/\/www.dentalcadmos.com\/terapia-parodontale-in-paziente-affetta-da-parodontite-generalizzata-follow-up-a-7-anni\/","name":"Terapia parodontale in paziente affetta da parodontite generalizzata: follow-up a 7 anni - Dental Cadmos","isPartOf":{"@id":"https:\/\/www.dentalcadmos.com\/#website"},"datePublished":"2021-07-26T08:00:54+00:00","dateModified":"2021-07-26T08:00:54+00:00","author":{"@id":"https:\/\/www.dentalcadmos.com\/#\/schema\/person\/03773f859d81b9eff9790a180b88dd5e"},"breadcrumb":{"@id":"https:\/\/www.dentalcadmos.com\/terapia-parodontale-in-paziente-affetta-da-parodontite-generalizzata-follow-up-a-7-anni\/#breadcrumb"},"inLanguage":"en-US","potentialAction":[{"@type":"ReadAction","target":["https:\/\/www.dentalcadmos.com\/terapia-parodontale-in-paziente-affetta-da-parodontite-generalizzata-follow-up-a-7-anni\/"]}]},{"@type":"BreadcrumbList","@id":"https:\/\/www.dentalcadmos.com\/terapia-parodontale-in-paziente-affetta-da-parodontite-generalizzata-follow-up-a-7-anni\/#breadcrumb","itemListElement":[{"@type":"ListItem","position":1,"name":"Home","item":"https:\/\/www.dentalcadmos.com\/"},{"@type":"ListItem","position":2,"name":"Terapia parodontale in paziente affetta da parodontite generalizzata: follow-up a 7 anni"}]},{"@type":"Person","@id":"https:\/\/www.dentalcadmos.com\/#\/schema\/person\/03773f859d81b9eff9790a180b88dd5e","name":"Greta Schincaglia","image":{"@type":"ImageObject","@id":"https:\/\/www.dentalcadmos.com\/#personlogo","inLanguage":"en-US","url":"https:\/\/secure.gravatar.com\/avatar\/5d4eda3c3873680e78bca07f48f82b5d?s=96&d=mm&r=g","contentUrl":"https:\/\/secure.gravatar.com\/avatar\/5d4eda3c3873680e78bca07f48f82b5d?s=96&d=mm&r=g","caption":"Greta Schincaglia"},"url":"https:\/\/www.dentalcadmos.com\/en\/author\/almaware\/"}]}},"_links":{"self":[{"href":"https:\/\/www.dentalcadmos.com\/en\/wp-json\/wp\/v2\/posts\/2021"}],"collection":[{"href":"https:\/\/www.dentalcadmos.com\/en\/wp-json\/wp\/v2\/posts"}],"about":[{"href":"https:\/\/www.dentalcadmos.com\/en\/wp-json\/wp\/v2\/types\/post"}],"author":[{"embeddable":true,"href":"https:\/\/www.dentalcadmos.com\/en\/wp-json\/wp\/v2\/users\/1"}],"replies":[{"embeddable":true,"href":"https:\/\/www.dentalcadmos.com\/en\/wp-json\/wp\/v2\/comments?post=2021"}],"version-history":[{"count":0,"href":"https:\/\/www.dentalcadmos.com\/en\/wp-json\/wp\/v2\/posts\/2021\/revisions"}],"wp:attachment":[{"href":"https:\/\/www.dentalcadmos.com\/en\/wp-json\/wp\/v2\/media?parent=2021"}],"wp:term":[{"taxonomy":"category","embeddable":true,"href":"https:\/\/www.dentalcadmos.com\/en\/wp-json\/wp\/v2\/categories?post=2021"},{"taxonomy":"post_tag","embeddable":true,"href":"https:\/\/www.dentalcadmos.com\/en\/wp-json\/wp\/v2\/tags?post=2021"}],"curies":[{"name":"wp","href":"https:\/\/api.w.org\/{rel}","templated":true}]}}