{"id":2201,"date":"2021-07-26T10:00:58","date_gmt":"2021-07-26T08:00:58","guid":{"rendered":"https:\/\/www.dentalcadmos.com\/oggi-non-mi-sento-empatico-come-faccio\/"},"modified":"2021-07-26T10:00:58","modified_gmt":"2021-07-26T08:00:58","slug":"oggi-non-mi-sento-empatico-come-faccio","status":"publish","type":"post","link":"https:\/\/www.dentalcadmos.com\/en\/oggi-non-mi-sento-empatico-come-faccio\/","title":{"rendered":"Oggi non mi sento empatico. Come faccio?"},"content":{"rendered":"<p>Nel mondo della medicina si sta finalmente affermando la consapevolezza che la comunicazione con il paziente rappresenta a tutti gli effetti un momento di cura, dal quale dipende la qualit\u00e0 del percorso terapeutico e l\u2019instaurarsi di un clima di fiducia. <\/p>\n<p>Si sta anche iniziando a dare la giusta considerazione alla capacit\u00e0 di immedesimarsi nel mondo del paziente, per comprendere le sue emozioni e guidarlo in maniera personalizzata.<\/p>\n<p> I notevoli progressi delle neuroscienze ci stanno facendo scoprire come sia innata la capacit\u00e0 dell\u2019essere umano di calarsi nei panni degli altri. Questa predisposizione ci porta a emozionarci vedendo un film commovente, proprio come se stessimo vivendo personalmente quelle situazioni, ad agitarci sulla poltrona assistendo a una partita di calcio, proprio come se fossimo noi a essere in campo, o a scambiarci sorrisi con bambini di pochi mesi.<\/p>\n<p>Parliamo molto e con molta disinvoltura di empatia e ci illudiamo che il solo discuterne ci renda pi\u00f9 umani e compassionevoli, ma purtroppo non \u00e8 cos\u00ec! Il fatto di avere una predisposizione neurofisiologica non determina necessariamente un atteggiamento empatico nelle relazioni interpersonali.<\/p>\n<p>Infatti, sappiamo molto sui neuroni specchio e sulle emozioni, ma ci comportiamo spesso in modo aggressivo e litigioso; professiamo l\u2019ascolto attivo, ma siamo concentrati su noi stessi e sui bisogni personali; parliamo di assertivit\u00e0, ma tentiamo di affermare i nostri presunti diritti, negandoli agli altri.<\/p>\n<p>Si riscontra questa incoerenza ogni giorno: nei luoghi di lavoro, nel traffico, nella scuola e negli agguerriti e imbarazzanti dibattiti televisivi. Una riunione condominiale \u00e8 capace di provocare veleni e rancori personali che durano tutta una vita e partite tra ragazzini talvolta si concludono con i genitori che si picchiamo sugli spalti.<\/p>\n<p><i>Per continuare la lettura scaricare l&#8217;allegato.<\/i><\/p>\n<p><b>doi: <a href=\"https:\/\/doi.org\/10.19256\/d.cadmos.05.2018.11\">https:\/\/doi.org\/10.19256\/d.cadmos.05.2018.10<\/a><\/b><\/p>\n<p><\/p>\n","protected":false},"excerpt":{"rendered":"<p>Nel mondo della medicina si sta finalmente affermando la consapevolezza che la comunicazione con il paziente rappresenta a tutti gli effetti un momento di cura, dal quale dipende la qualit\u00e0 del percorso terapeutico e l\u2019instaurarsi di un clima di fiducia. Si sta anche iniziando a dare la giusta considerazione alla capacit\u00e0 di immedesimarsi nel mondo &hellip; <a href=\"https:\/\/www.dentalcadmos.com\/en\/oggi-non-mi-sento-empatico-come-faccio\/\">Continued<\/a><\/p>\n","protected":false},"author":1,"featured_media":0,"comment_status":"open","ping_status":"open","sticky":false,"template":"","format":"standard","meta":[],"categories":[1],"tags":[],"yoast_head":"<!-- This site is optimized with the Yoast SEO plugin v17.4 - https:\/\/yoast.com\/wordpress\/plugins\/seo\/ -->\n<title>Oggi non mi sento empatico. Come faccio? - Dental Cadmos<\/title>\n<meta name=\"robots\" content=\"index, follow, max-snippet:-1, max-image-preview:large, max-video-preview:-1\" \/>\n<link rel=\"canonical\" href=\"https:\/\/www.dentalcadmos.com\/en\/oggi-non-mi-sento-empatico-come-faccio\/\" \/>\n<meta property=\"og:locale\" content=\"en_US\" \/>\n<meta property=\"og:type\" content=\"article\" \/>\n<meta property=\"og:title\" content=\"Oggi non mi sento empatico. Come faccio? - Dental Cadmos\" \/>\n<meta property=\"og:description\" content=\"Nel mondo della medicina si sta finalmente affermando la consapevolezza che la comunicazione con il paziente rappresenta a tutti gli effetti un momento di cura, dal quale dipende la qualit\u00e0 del percorso terapeutico e l\u2019instaurarsi di un clima di fiducia. Si sta anche iniziando a dare la giusta considerazione alla capacit\u00e0 di immedesimarsi nel mondo &hellip; Continued\" \/>\n<meta property=\"og:url\" content=\"https:\/\/www.dentalcadmos.com\/oggi-non-mi-sento-empatico-come-faccio\/\" \/>\n<meta property=\"og:site_name\" content=\"Dental Cadmos\" \/>\n<meta property=\"article:published_time\" content=\"2021-07-26T08:00:58+00:00\" \/>\n<meta name=\"twitter:card\" content=\"summary_large_image\" \/>\n<meta name=\"twitter:label1\" content=\"Written by\" \/>\n\t<meta name=\"twitter:data1\" content=\"Greta Schincaglia\" \/>\n\t<meta name=\"twitter:label2\" content=\"Est. reading time\" \/>\n\t<meta name=\"twitter:data2\" content=\"1 minute\" \/>\n<script type=\"application\/ld+json\" class=\"yoast-schema-graph\">{\"@context\":\"https:\/\/schema.org\",\"@graph\":[{\"@type\":\"WebSite\",\"@id\":\"https:\/\/www.dentalcadmos.com\/#website\",\"url\":\"https:\/\/www.dentalcadmos.com\/\",\"name\":\"Dental Cadmos\",\"description\":\"\",\"potentialAction\":[{\"@type\":\"SearchAction\",\"target\":{\"@type\":\"EntryPoint\",\"urlTemplate\":\"https:\/\/www.dentalcadmos.com\/?s={search_term_string}\"},\"query-input\":\"required name=search_term_string\"}],\"inLanguage\":\"en-US\"},{\"@type\":\"WebPage\",\"@id\":\"https:\/\/www.dentalcadmos.com\/oggi-non-mi-sento-empatico-come-faccio\/#webpage\",\"url\":\"https:\/\/www.dentalcadmos.com\/oggi-non-mi-sento-empatico-come-faccio\/\",\"name\":\"Oggi non mi sento empatico. Come faccio? - Dental Cadmos\",\"isPartOf\":{\"@id\":\"https:\/\/www.dentalcadmos.com\/#website\"},\"datePublished\":\"2021-07-26T08:00:58+00:00\",\"dateModified\":\"2021-07-26T08:00:58+00:00\",\"author\":{\"@id\":\"https:\/\/www.dentalcadmos.com\/#\/schema\/person\/03773f859d81b9eff9790a180b88dd5e\"},\"breadcrumb\":{\"@id\":\"https:\/\/www.dentalcadmos.com\/oggi-non-mi-sento-empatico-come-faccio\/#breadcrumb\"},\"inLanguage\":\"en-US\",\"potentialAction\":[{\"@type\":\"ReadAction\",\"target\":[\"https:\/\/www.dentalcadmos.com\/oggi-non-mi-sento-empatico-come-faccio\/\"]}]},{\"@type\":\"BreadcrumbList\",\"@id\":\"https:\/\/www.dentalcadmos.com\/oggi-non-mi-sento-empatico-come-faccio\/#breadcrumb\",\"itemListElement\":[{\"@type\":\"ListItem\",\"position\":1,\"name\":\"Home\",\"item\":\"https:\/\/www.dentalcadmos.com\/\"},{\"@type\":\"ListItem\",\"position\":2,\"name\":\"Oggi non mi sento empatico. Come faccio?\"}]},{\"@type\":\"Person\",\"@id\":\"https:\/\/www.dentalcadmos.com\/#\/schema\/person\/03773f859d81b9eff9790a180b88dd5e\",\"name\":\"Greta Schincaglia\",\"image\":{\"@type\":\"ImageObject\",\"@id\":\"https:\/\/www.dentalcadmos.com\/#personlogo\",\"inLanguage\":\"en-US\",\"url\":\"https:\/\/secure.gravatar.com\/avatar\/5d4eda3c3873680e78bca07f48f82b5d?s=96&d=mm&r=g\",\"contentUrl\":\"https:\/\/secure.gravatar.com\/avatar\/5d4eda3c3873680e78bca07f48f82b5d?s=96&d=mm&r=g\",\"caption\":\"Greta Schincaglia\"},\"url\":\"https:\/\/www.dentalcadmos.com\/en\/author\/almaware\/\"}]}<\/script>\n<!-- \/ Yoast SEO plugin. -->","yoast_head_json":{"title":"Oggi non mi sento empatico. Come faccio? - Dental Cadmos","robots":{"index":"index","follow":"follow","max-snippet":"max-snippet:-1","max-image-preview":"max-image-preview:large","max-video-preview":"max-video-preview:-1"},"canonical":"https:\/\/www.dentalcadmos.com\/en\/oggi-non-mi-sento-empatico-come-faccio\/","og_locale":"en_US","og_type":"article","og_title":"Oggi non mi sento empatico. Come faccio? - Dental Cadmos","og_description":"Nel mondo della medicina si sta finalmente affermando la consapevolezza che la comunicazione con il paziente rappresenta a tutti gli effetti un momento di cura, dal quale dipende la qualit\u00e0 del percorso terapeutico e l\u2019instaurarsi di un clima di fiducia. Si sta anche iniziando a dare la giusta considerazione alla capacit\u00e0 di immedesimarsi nel mondo &hellip; Continued","og_url":"https:\/\/www.dentalcadmos.com\/oggi-non-mi-sento-empatico-come-faccio\/","og_site_name":"Dental Cadmos","article_published_time":"2021-07-26T08:00:58+00:00","twitter_card":"summary_large_image","twitter_misc":{"Written by":"Greta Schincaglia","Est. reading time":"1 minute"},"schema":{"@context":"https:\/\/schema.org","@graph":[{"@type":"WebSite","@id":"https:\/\/www.dentalcadmos.com\/#website","url":"https:\/\/www.dentalcadmos.com\/","name":"Dental Cadmos","description":"","potentialAction":[{"@type":"SearchAction","target":{"@type":"EntryPoint","urlTemplate":"https:\/\/www.dentalcadmos.com\/?s={search_term_string}"},"query-input":"required name=search_term_string"}],"inLanguage":"en-US"},{"@type":"WebPage","@id":"https:\/\/www.dentalcadmos.com\/oggi-non-mi-sento-empatico-come-faccio\/#webpage","url":"https:\/\/www.dentalcadmos.com\/oggi-non-mi-sento-empatico-come-faccio\/","name":"Oggi non mi sento empatico. Come faccio? - Dental Cadmos","isPartOf":{"@id":"https:\/\/www.dentalcadmos.com\/#website"},"datePublished":"2021-07-26T08:00:58+00:00","dateModified":"2021-07-26T08:00:58+00:00","author":{"@id":"https:\/\/www.dentalcadmos.com\/#\/schema\/person\/03773f859d81b9eff9790a180b88dd5e"},"breadcrumb":{"@id":"https:\/\/www.dentalcadmos.com\/oggi-non-mi-sento-empatico-come-faccio\/#breadcrumb"},"inLanguage":"en-US","potentialAction":[{"@type":"ReadAction","target":["https:\/\/www.dentalcadmos.com\/oggi-non-mi-sento-empatico-come-faccio\/"]}]},{"@type":"BreadcrumbList","@id":"https:\/\/www.dentalcadmos.com\/oggi-non-mi-sento-empatico-come-faccio\/#breadcrumb","itemListElement":[{"@type":"ListItem","position":1,"name":"Home","item":"https:\/\/www.dentalcadmos.com\/"},{"@type":"ListItem","position":2,"name":"Oggi non mi sento empatico. Come faccio?"}]},{"@type":"Person","@id":"https:\/\/www.dentalcadmos.com\/#\/schema\/person\/03773f859d81b9eff9790a180b88dd5e","name":"Greta Schincaglia","image":{"@type":"ImageObject","@id":"https:\/\/www.dentalcadmos.com\/#personlogo","inLanguage":"en-US","url":"https:\/\/secure.gravatar.com\/avatar\/5d4eda3c3873680e78bca07f48f82b5d?s=96&d=mm&r=g","contentUrl":"https:\/\/secure.gravatar.com\/avatar\/5d4eda3c3873680e78bca07f48f82b5d?s=96&d=mm&r=g","caption":"Greta Schincaglia"},"url":"https:\/\/www.dentalcadmos.com\/en\/author\/almaware\/"}]}},"_links":{"self":[{"href":"https:\/\/www.dentalcadmos.com\/en\/wp-json\/wp\/v2\/posts\/2201"}],"collection":[{"href":"https:\/\/www.dentalcadmos.com\/en\/wp-json\/wp\/v2\/posts"}],"about":[{"href":"https:\/\/www.dentalcadmos.com\/en\/wp-json\/wp\/v2\/types\/post"}],"author":[{"embeddable":true,"href":"https:\/\/www.dentalcadmos.com\/en\/wp-json\/wp\/v2\/users\/1"}],"replies":[{"embeddable":true,"href":"https:\/\/www.dentalcadmos.com\/en\/wp-json\/wp\/v2\/comments?post=2201"}],"version-history":[{"count":0,"href":"https:\/\/www.dentalcadmos.com\/en\/wp-json\/wp\/v2\/posts\/2201\/revisions"}],"wp:attachment":[{"href":"https:\/\/www.dentalcadmos.com\/en\/wp-json\/wp\/v2\/media?parent=2201"}],"wp:term":[{"taxonomy":"category","embeddable":true,"href":"https:\/\/www.dentalcadmos.com\/en\/wp-json\/wp\/v2\/categories?post=2201"},{"taxonomy":"post_tag","embeddable":true,"href":"https:\/\/www.dentalcadmos.com\/en\/wp-json\/wp\/v2\/tags?post=2201"}],"curies":[{"name":"wp","href":"https:\/\/api.w.org\/{rel}","templated":true}]}}