{"id":9222,"date":"2024-02-27T08:52:43","date_gmt":"2024-02-27T07:52:43","guid":{"rendered":"https:\/\/www.dentalcadmos.com\/?p=9222"},"modified":"2024-02-27T08:52:43","modified_gmt":"2024-02-27T07:52:43","slug":"laser-in-crescita-linteresse-per-le-loro-applicazioni-in-campo-odontostomatologico-intervista-a-paolo-vescovi","status":"publish","type":"post","link":"https:\/\/www.dentalcadmos.com\/en\/laser-in-crescita-linteresse-per-le-loro-applicazioni-in-campo-odontostomatologico-intervista-a-paolo-vescovi\/","title":{"rendered":"Laser: in crescita l\u2019interesse per le loro applicazioni in campo odontostomatologico. Intervista a&#8230;Paolo Vescovi"},"content":{"rendered":"<p style=\"text-align: justify;\"><em>Minimo traumatismo, possibilit\u00e0 di intervenire su aree molto piccole, riduzione dell\u2019uso dell\u2019anestetico, contenimento di sanguinamento, dolore e disagi, minore rischio di infezioni: parliamo del ruolo di questa pratica \u2013 che a ragione pu\u00f2 essere definita \u201cmininvasiva\u201d \u2013 con Paolo Vescovi, Presidente Eletto della World Federation for Laser Dentistry.<\/em><\/p>\n<p style=\"text-align: justify;\"><strong>Lei \u00e8 il primo italiano ad assumere la Presidenza della WFLD: qual \u00e8 il ruolo del nostro paese nella Federazione?<\/strong><br \/>\nAttualmente sono Presidente Eletto fino al 2026 e assumer\u00f2 ufficialmente la presidenza della Societ\u00e0 fino al 2028. L\u2019ultima volta che l\u2019Europa aveva ricoperto con un proprio rappresentante il ruolo di Presidente \u00e8 stato 12 anni fa con il francese Jean Paul Rocca ed \u00e8 la prima volta nella storia di questa Societ\u00e0 Scientifica che la presidenza arriva all\u2019Italia. Il Past President \u00e8 il prof. Toni Zeinoun (Libano) e l\u2019attuale \u00e8 il prof. Akira Aoki (Giappone).<br \/>\nL\u2019Italia ha sempre avuto nell\u2019ultimo decennio una posizione preminente nell\u2019ambito del campo del laser in Europa e nel Mondo. Il prof. Umberto Romeo dell\u2019Universit\u00e0 di Roma La Sapienza prima e poi il sottoscritto abbiamo fatto parte dell\u2019Executive Committee Mondiale WFLD come tesorieri.<\/p>\n<p><i>Per continuare la lettura gli abbonati possono scaricare l\u2019allegato.<\/i><\/p>\n","protected":false},"excerpt":{"rendered":"<p>Minimo traumatismo, possibilit\u00e0 di intervenire su aree molto piccole, riduzione dell\u2019uso dell\u2019anestetico, contenimento di sanguinamento, dolore e disagi, minore rischio di infezioni: parliamo del ruolo di questa pratica \u2013 che a ragione pu\u00f2 essere definita \u201cmininvasiva\u201d \u2013 con Paolo Vescovi, Presidente Eletto della World Federation for Laser Dentistry. Lei \u00e8 il primo italiano ad assumere &hellip; <a href=\"https:\/\/www.dentalcadmos.com\/en\/laser-in-crescita-linteresse-per-le-loro-applicazioni-in-campo-odontostomatologico-intervista-a-paolo-vescovi\/\">Continued<\/a><\/p>\n","protected":false},"author":2,"featured_media":0,"comment_status":"open","ping_status":"open","sticky":false,"template":"","format":"standard","meta":[],"categories":[1],"tags":[],"yoast_head":"<!-- This site is optimized with the Yoast SEO plugin v17.4 - https:\/\/yoast.com\/wordpress\/plugins\/seo\/ -->\n<title>Laser: in crescita l\u2019interesse per le loro applicazioni in campo odontostomatologico. Intervista a...Paolo Vescovi - Dental Cadmos<\/title>\n<meta name=\"robots\" content=\"index, follow, max-snippet:-1, max-image-preview:large, max-video-preview:-1\" \/>\n<link rel=\"canonical\" href=\"https:\/\/www.dentalcadmos.com\/en\/laser-in-crescita-linteresse-per-le-loro-applicazioni-in-campo-odontostomatologico-intervista-a-paolo-vescovi\/\" \/>\n<meta property=\"og:locale\" content=\"en_US\" \/>\n<meta property=\"og:type\" content=\"article\" \/>\n<meta property=\"og:title\" content=\"Laser: in crescita l\u2019interesse per le loro applicazioni in campo odontostomatologico. Intervista a...Paolo Vescovi - Dental Cadmos\" \/>\n<meta property=\"og:description\" content=\"Minimo traumatismo, possibilit\u00e0 di intervenire su aree molto piccole, riduzione dell\u2019uso dell\u2019anestetico, contenimento di sanguinamento, dolore e disagi, minore rischio di infezioni: parliamo del ruolo di questa pratica \u2013 che a ragione pu\u00f2 essere definita \u201cmininvasiva\u201d \u2013 con Paolo Vescovi, Presidente Eletto della World Federation for Laser Dentistry. Lei \u00e8 il primo italiano ad assumere &hellip; Continued\" \/>\n<meta property=\"og:url\" content=\"https:\/\/www.dentalcadmos.com\/laser-in-crescita-linteresse-per-le-loro-applicazioni-in-campo-odontostomatologico-intervista-a-paolo-vescovi\/\" \/>\n<meta property=\"og:site_name\" content=\"Dental Cadmos\" \/>\n<meta property=\"article:published_time\" content=\"2024-02-27T07:52:43+00:00\" \/>\n<meta name=\"twitter:card\" content=\"summary_large_image\" \/>\n<meta name=\"twitter:label1\" content=\"Written by\" \/>\n\t<meta name=\"twitter:data1\" content=\"edra\" \/>\n\t<meta name=\"twitter:label2\" content=\"Est. reading time\" \/>\n\t<meta name=\"twitter:data2\" content=\"1 minute\" \/>\n<script type=\"application\/ld+json\" class=\"yoast-schema-graph\">{\"@context\":\"https:\/\/schema.org\",\"@graph\":[{\"@type\":\"WebSite\",\"@id\":\"https:\/\/www.dentalcadmos.com\/#website\",\"url\":\"https:\/\/www.dentalcadmos.com\/\",\"name\":\"Dental Cadmos\",\"description\":\"\",\"potentialAction\":[{\"@type\":\"SearchAction\",\"target\":{\"@type\":\"EntryPoint\",\"urlTemplate\":\"https:\/\/www.dentalcadmos.com\/?s={search_term_string}\"},\"query-input\":\"required name=search_term_string\"}],\"inLanguage\":\"en-US\"},{\"@type\":\"WebPage\",\"@id\":\"https:\/\/www.dentalcadmos.com\/laser-in-crescita-linteresse-per-le-loro-applicazioni-in-campo-odontostomatologico-intervista-a-paolo-vescovi\/#webpage\",\"url\":\"https:\/\/www.dentalcadmos.com\/laser-in-crescita-linteresse-per-le-loro-applicazioni-in-campo-odontostomatologico-intervista-a-paolo-vescovi\/\",\"name\":\"Laser: in crescita l\\u2019interesse per le loro applicazioni in campo odontostomatologico. Intervista a...Paolo Vescovi - Dental Cadmos\",\"isPartOf\":{\"@id\":\"https:\/\/www.dentalcadmos.com\/#website\"},\"datePublished\":\"2024-02-27T07:52:43+00:00\",\"dateModified\":\"2024-02-27T07:52:43+00:00\",\"author\":{\"@id\":\"https:\/\/www.dentalcadmos.com\/#\/schema\/person\/dae8bc45e635361a55553f0aac0857fe\"},\"breadcrumb\":{\"@id\":\"https:\/\/www.dentalcadmos.com\/laser-in-crescita-linteresse-per-le-loro-applicazioni-in-campo-odontostomatologico-intervista-a-paolo-vescovi\/#breadcrumb\"},\"inLanguage\":\"en-US\",\"potentialAction\":[{\"@type\":\"ReadAction\",\"target\":[\"https:\/\/www.dentalcadmos.com\/laser-in-crescita-linteresse-per-le-loro-applicazioni-in-campo-odontostomatologico-intervista-a-paolo-vescovi\/\"]}]},{\"@type\":\"BreadcrumbList\",\"@id\":\"https:\/\/www.dentalcadmos.com\/laser-in-crescita-linteresse-per-le-loro-applicazioni-in-campo-odontostomatologico-intervista-a-paolo-vescovi\/#breadcrumb\",\"itemListElement\":[{\"@type\":\"ListItem\",\"position\":1,\"name\":\"Home\",\"item\":\"https:\/\/www.dentalcadmos.com\/\"},{\"@type\":\"ListItem\",\"position\":2,\"name\":\"Laser: in crescita l\\u2019interesse per le loro applicazioni in campo odontostomatologico. Intervista a&#8230;Paolo Vescovi\"}]},{\"@type\":\"Person\",\"@id\":\"https:\/\/www.dentalcadmos.com\/#\/schema\/person\/dae8bc45e635361a55553f0aac0857fe\",\"name\":\"edra\",\"image\":{\"@type\":\"ImageObject\",\"@id\":\"https:\/\/www.dentalcadmos.com\/#personlogo\",\"inLanguage\":\"en-US\",\"url\":\"https:\/\/secure.gravatar.com\/avatar\/e2aad0a8340bb6125c47d6b52ca5828e?s=96&d=mm&r=g\",\"contentUrl\":\"https:\/\/secure.gravatar.com\/avatar\/e2aad0a8340bb6125c47d6b52ca5828e?s=96&d=mm&r=g\",\"caption\":\"edra\"},\"url\":\"https:\/\/www.dentalcadmos.com\/en\/author\/edra\/\"}]}<\/script>\n<!-- \/ Yoast SEO plugin. -->","yoast_head_json":{"title":"Laser: in crescita l\u2019interesse per le loro applicazioni in campo odontostomatologico. Intervista a...Paolo Vescovi - Dental Cadmos","robots":{"index":"index","follow":"follow","max-snippet":"max-snippet:-1","max-image-preview":"max-image-preview:large","max-video-preview":"max-video-preview:-1"},"canonical":"https:\/\/www.dentalcadmos.com\/en\/laser-in-crescita-linteresse-per-le-loro-applicazioni-in-campo-odontostomatologico-intervista-a-paolo-vescovi\/","og_locale":"en_US","og_type":"article","og_title":"Laser: in crescita l\u2019interesse per le loro applicazioni in campo odontostomatologico. Intervista a...Paolo Vescovi - Dental Cadmos","og_description":"Minimo traumatismo, possibilit\u00e0 di intervenire su aree molto piccole, riduzione dell\u2019uso dell\u2019anestetico, contenimento di sanguinamento, dolore e disagi, minore rischio di infezioni: parliamo del ruolo di questa pratica \u2013 che a ragione pu\u00f2 essere definita \u201cmininvasiva\u201d \u2013 con Paolo Vescovi, Presidente Eletto della World Federation for Laser Dentistry. Lei \u00e8 il primo italiano ad assumere &hellip; Continued","og_url":"https:\/\/www.dentalcadmos.com\/laser-in-crescita-linteresse-per-le-loro-applicazioni-in-campo-odontostomatologico-intervista-a-paolo-vescovi\/","og_site_name":"Dental Cadmos","article_published_time":"2024-02-27T07:52:43+00:00","twitter_card":"summary_large_image","twitter_misc":{"Written by":"edra","Est. reading time":"1 minute"},"schema":{"@context":"https:\/\/schema.org","@graph":[{"@type":"WebSite","@id":"https:\/\/www.dentalcadmos.com\/#website","url":"https:\/\/www.dentalcadmos.com\/","name":"Dental Cadmos","description":"","potentialAction":[{"@type":"SearchAction","target":{"@type":"EntryPoint","urlTemplate":"https:\/\/www.dentalcadmos.com\/?s={search_term_string}"},"query-input":"required name=search_term_string"}],"inLanguage":"en-US"},{"@type":"WebPage","@id":"https:\/\/www.dentalcadmos.com\/laser-in-crescita-linteresse-per-le-loro-applicazioni-in-campo-odontostomatologico-intervista-a-paolo-vescovi\/#webpage","url":"https:\/\/www.dentalcadmos.com\/laser-in-crescita-linteresse-per-le-loro-applicazioni-in-campo-odontostomatologico-intervista-a-paolo-vescovi\/","name":"Laser: in crescita l\u2019interesse per le loro applicazioni in campo odontostomatologico. Intervista a...Paolo Vescovi - Dental Cadmos","isPartOf":{"@id":"https:\/\/www.dentalcadmos.com\/#website"},"datePublished":"2024-02-27T07:52:43+00:00","dateModified":"2024-02-27T07:52:43+00:00","author":{"@id":"https:\/\/www.dentalcadmos.com\/#\/schema\/person\/dae8bc45e635361a55553f0aac0857fe"},"breadcrumb":{"@id":"https:\/\/www.dentalcadmos.com\/laser-in-crescita-linteresse-per-le-loro-applicazioni-in-campo-odontostomatologico-intervista-a-paolo-vescovi\/#breadcrumb"},"inLanguage":"en-US","potentialAction":[{"@type":"ReadAction","target":["https:\/\/www.dentalcadmos.com\/laser-in-crescita-linteresse-per-le-loro-applicazioni-in-campo-odontostomatologico-intervista-a-paolo-vescovi\/"]}]},{"@type":"BreadcrumbList","@id":"https:\/\/www.dentalcadmos.com\/laser-in-crescita-linteresse-per-le-loro-applicazioni-in-campo-odontostomatologico-intervista-a-paolo-vescovi\/#breadcrumb","itemListElement":[{"@type":"ListItem","position":1,"name":"Home","item":"https:\/\/www.dentalcadmos.com\/"},{"@type":"ListItem","position":2,"name":"Laser: in crescita l\u2019interesse per le loro applicazioni in campo odontostomatologico. Intervista a&#8230;Paolo Vescovi"}]},{"@type":"Person","@id":"https:\/\/www.dentalcadmos.com\/#\/schema\/person\/dae8bc45e635361a55553f0aac0857fe","name":"edra","image":{"@type":"ImageObject","@id":"https:\/\/www.dentalcadmos.com\/#personlogo","inLanguage":"en-US","url":"https:\/\/secure.gravatar.com\/avatar\/e2aad0a8340bb6125c47d6b52ca5828e?s=96&d=mm&r=g","contentUrl":"https:\/\/secure.gravatar.com\/avatar\/e2aad0a8340bb6125c47d6b52ca5828e?s=96&d=mm&r=g","caption":"edra"},"url":"https:\/\/www.dentalcadmos.com\/en\/author\/edra\/"}]}},"_links":{"self":[{"href":"https:\/\/www.dentalcadmos.com\/en\/wp-json\/wp\/v2\/posts\/9222"}],"collection":[{"href":"https:\/\/www.dentalcadmos.com\/en\/wp-json\/wp\/v2\/posts"}],"about":[{"href":"https:\/\/www.dentalcadmos.com\/en\/wp-json\/wp\/v2\/types\/post"}],"author":[{"embeddable":true,"href":"https:\/\/www.dentalcadmos.com\/en\/wp-json\/wp\/v2\/users\/2"}],"replies":[{"embeddable":true,"href":"https:\/\/www.dentalcadmos.com\/en\/wp-json\/wp\/v2\/comments?post=9222"}],"version-history":[{"count":1,"href":"https:\/\/www.dentalcadmos.com\/en\/wp-json\/wp\/v2\/posts\/9222\/revisions"}],"predecessor-version":[{"id":9225,"href":"https:\/\/www.dentalcadmos.com\/en\/wp-json\/wp\/v2\/posts\/9222\/revisions\/9225"}],"wp:attachment":[{"href":"https:\/\/www.dentalcadmos.com\/en\/wp-json\/wp\/v2\/media?parent=9222"}],"wp:term":[{"taxonomy":"category","embeddable":true,"href":"https:\/\/www.dentalcadmos.com\/en\/wp-json\/wp\/v2\/categories?post=9222"},{"taxonomy":"post_tag","embeddable":true,"href":"https:\/\/www.dentalcadmos.com\/en\/wp-json\/wp\/v2\/tags?post=9222"}],"curies":[{"name":"wp","href":"https:\/\/api.w.org\/{rel}","templated":true}]}}